{"id":1328,"date":"2023-06-07T18:09:37","date_gmt":"2023-06-07T21:09:37","guid":{"rendered":"https:\/\/bemtv.org.br\/cso\/?p=1328"},"modified":"2024-02-28T14:56:15","modified_gmt":"2024-02-28T17:56:15","slug":"conheca-a-central-solidaria-de-oportunidades","status":"publish","type":"post","link":"https:\/\/bemtv.org.br\/cso\/conheca-a-central-solidaria-de-oportunidades\/","title":{"rendered":"Conhe\u00e7a a Central Solid\u00e1ria de Oportunidades"},"content":{"rendered":"\n<p>A Central Solid\u00e1ria de Oportunidades \u00e9 uma plataforma de acompanhamento de trajet\u00f3rias e oportunidades de forma\u00e7\u00e3o nas \u00e1reas de&nbsp; tecnologia da informa\u00e7\u00e3o e comunica\u00e7\u00e3o no mundo do trabalho.<\/p>\n\n\n\n<p>Aqui s\u00e3o reunidas oportunidades de est\u00e1gios, empregos, presta\u00e7\u00e3o de servi\u00e7os, cursos e atividades voltadas para a continuidade da forma\u00e7\u00e3o profissional e o cadastro de jovens que buscam essas oportunidades.<\/p>\n\n\n\n<p>A Central Solid\u00e1ria de Oportunidades foi iniciada em 2013, em projeto desenvolvido pela Bem TV em parceria com a Uni\u00e3o Europeia. Seu objetivo \u00e9 promover a integra\u00e7\u00e3o de jovens com o mundo de trabalho em comunica\u00e7\u00e3o, encaminhando-os a oportunidades de trabalho e aperfei\u00e7oamento profissional.&nbsp;<\/p>\n\n\n\n<p>O projeto atende jovens que atuam (ou desejem atuar) nas \u00e1reas de produ\u00e7\u00e3o em v\u00eddeo, fotografia, eventos, artes gr\u00e1ficas, web e outras especialidades em comunica\u00e7\u00e3o e informa\u00e7\u00e3o e visa aproximar quem quer trabalhar de quem quer contratar.<\/p>\n","protected":false},"excerpt":{"rendered":"<p>A Central Solid\u00e1ria de Oportunidades \u00e9 uma plataforma de acompanhamento de trajet\u00f3rias e oportunidades de forma\u00e7\u00e3o nas \u00e1reas de&nbsp; tecnologia da informa\u00e7\u00e3o e comunica\u00e7\u00e3o no mundo do trabalho. Aqui s\u00e3o reunidas oportunidades de est\u00e1gios, empregos, presta\u00e7\u00e3o de servi\u00e7os, cursos e atividades voltadas para a continuidade da forma\u00e7\u00e3o profissional e o cadastro de jovens que buscam [&hellip;]<\/p>\n","protected":false},"author":55,"featured_media":1330,"comment_status":"closed","ping_status":"closed","sticky":true,"template":"","format":"standard","meta":{"footnotes":""},"categories":[12],"tags":[],"class_list":["post-1328","post","type-post","status-publish","format-standard","has-post-thumbnail","hentry","category-cso"],"_links":{"self":[{"href":"https:\/\/bemtv.org.br\/cso\/wp-json\/wp\/v2\/posts\/1328","targetHints":{"allow":["GET"]}}],"collection":[{"href":"https:\/\/bemtv.org.br\/cso\/wp-json\/wp\/v2\/posts"}],"about":[{"href":"https:\/\/bemtv.org.br\/cso\/wp-json\/wp\/v2\/types\/post"}],"author":[{"embeddable":true,"href":"https:\/\/bemtv.org.br\/cso\/wp-json\/wp\/v2\/users\/55"}],"replies":[{"embeddable":true,"href":"https:\/\/bemtv.org.br\/cso\/wp-json\/wp\/v2\/comments?post=1328"}],"version-history":[{"count":2,"href":"https:\/\/bemtv.org.br\/cso\/wp-json\/wp\/v2\/posts\/1328\/revisions"}],"predecessor-version":[{"id":1428,"href":"https:\/\/bemtv.org.br\/cso\/wp-json\/wp\/v2\/posts\/1328\/revisions\/1428"}],"wp:featuredmedia":[{"embeddable":true,"href":"https:\/\/bemtv.org.br\/cso\/wp-json\/wp\/v2\/media\/1330"}],"wp:attachment":[{"href":"https:\/\/bemtv.org.br\/cso\/wp-json\/wp\/v2\/media?parent=1328"}],"wp:term":[{"taxonomy":"category","embeddable":true,"href":"https:\/\/bemtv.org.br\/cso\/wp-json\/wp\/v2\/categories?post=1328"},{"taxonomy":"post_tag","embeddable":true,"href":"https:\/\/bemtv.org.br\/cso\/wp-json\/wp\/v2\/tags?post=1328"}],"curies":[{"name":"wp","href":"https:\/\/api.w.org\/{rel}","templated":true}]}}